{"id":3307,"date":"2026-09-05T13:41:38","date_gmt":"2026-09-05T10:41:38","guid":{"rendered":"https:\/\/kogo.seto.ee\/?p=3307"},"modified":"2026-09-05T13:48:28","modified_gmt":"2026-09-05T10:48:28","slug":"seto-kasituu-kogo-20-aastapaeva-konverents","status":"publish","type":"post","link":"https:\/\/kogo.seto.ee\/?p=3307","title":{"rendered":"Seto K\u00e4sit\u00fc\u00fc Kogo 20. aastap\u00e4eva konverents"},"content":{"rendered":"\n<p class=\"wp-block-paragraph\">MT\u00dc Seto K\u00e4sit\u00fc\u00fc Kogo t\u00e4histab oma 20. tegutsemisaastat konverentsi ja k\u00e4sit\u00f6\u00f6n\u00e4itusega <strong>\u201eEluj\u00f5uline seto k\u00e4sit\u00f6\u00f6\u201c<\/strong>. \u00dcritus toimub <strong>10. oktoobril V\u00e4rska kultuurimajas<\/strong> ning ootab \u00fcle Eesti ja Setomaalt osalema kultuurihuvilisi, k\u00e4sit\u00f6\u00f6lisi ja noori, et \u00fchiselt v\u00e4\u00e4rtustada seto k\u00e4sit\u00f6\u00f6 traditsioone.<\/p>\n\n\n\n<p class=\"wp-block-paragraph\">Konverentsil k\u00e4sitletakse k\u00e4sit\u00f6\u00f6 rolli kogukonnas, traditsioonide hoidmist ning seto k\u00e4sit\u00f6\u00f6 tulevikuv\u00f5imalusi.<\/p>\n\n\n\n<p class=\"wp-block-paragraph\">Registreerimislink: <a href=\"https:\/\/forms.gle\/SJUAqL4H7iMgqJuh8\">https:\/\/forms.gle\/SJUAqL4H7iMgqJuh8<\/a><\/p>\n\n\n\n<p class=\"wp-block-paragraph\">Konverentsil osalemiseks palume tasuda toiduraha 10 eurot MT\u00dc Seto K\u00e4sit\u00fc\u00fc Kogo arveldusarvele EE292200221033452404, selgituseks lisage osaleja nimi. Soovi korral saab tasuda ka arvega v\u00f5i maksta sularahas kohapeal. K\u00fcsimuste korral kirjutage kogo@setomaa.ee<\/p>\n\n\n\n<p class=\"wp-block-paragraph\"><strong><span style=\"text-decoration: underline;\">P\u00e4evakava<\/span><\/strong><br><strong>12.00\u201313.00<\/strong> \u00a0 \u00a0Saabumine ja tervituskohv<br><strong><br>13.00\u201313.15<\/strong> \u00a0 \u00a0Konverentsi avamine ja tervitused<br>&#8211; Setomaa \u00dclembsootska<strong> Ingrit Kala<\/strong><br>&#8211; Eesti Rahvakunsti ja K\u00e4sit\u00f6\u00f6 Liidu juhatuse esimees <strong>Liina Veskim\u00e4gi-Iliste<\/strong><br>&#8211; Setomaa Liidu juhatuse esimees <strong>Margus Timmo<\/strong><\/p>\n\n\n\n<p class=\"wp-block-paragraph\"><strong>Ettekanded<\/strong><br><strong>13.20\u201313.40<\/strong> \u00a0 \u00a0\u201eP\u00e4randtehnoloogia \u00f5pe kultuuriruumide teenistuses\u201c<br>Ave Matsin, Tartu \u00dclikooli Viljandi kultuuriakadeemia p\u00e4randtehnoloogia \u00f5ppekava programmijuht, rahvusliku tekstiili lektor<\/p>\n\n\n\n<p class=\"wp-block-paragraph\"><strong>13.45\u201314.15<\/strong> &nbsp; &nbsp;\u201eP\u00e4rand seljas: Seto kultuur kaasaegse moe keeles\u201c<br>Piret Puppart, moedisainer, Eesti Kunstiakadeemia moedisaini professor ja osakonnajuhataja<br><strong><br>14.20\u201314.40&nbsp; &nbsp;&nbsp;<\/strong>\u201eKadunud argip\u00e4eva v\u00e4rvid: kuidas seto naised linast kangast sooveega toonisid\u201c<br>Liis Luhamaa, p\u00e4randtehnoloog ja tekstiilivaldkonna uurija<br><strong><br>14.45\u201315.10&nbsp; &nbsp;&nbsp;<\/strong>\u201eSeto pidulikud pulmatekstiilid\u201c<br>Elvi Nassar, ajaloolane ja seto p\u00e4rimuskultuuri ekspert<br><strong><br>15.15\u201315.45&nbsp; &nbsp;&nbsp;<\/strong>Vaheaeg ja kohvipaus<br><strong><br>15.50\u201316.20&nbsp; &nbsp;&nbsp;<\/strong>\u201eSeto taluarhitektuuri muutumine ajas\u201c<br>Ahto Raudoja, Seto Instituudi tegevjuht ja Setomaa p\u00e4randkultuuri uurija<br><strong><br>16.25\u201316.40&nbsp; &nbsp;&nbsp;<\/strong>\u201eSeto vanad r\u00f5ivareeglid ja t\u00e4nap\u00e4evased vastuolud ning nende \u00fcletamine\u201c<br>\u00dclle Kauksi, kirjanik ja seto kultuuritegelane<\/p>\n\n\n\n<p class=\"wp-block-paragraph\"><strong>16.45\u201317.00&nbsp; &nbsp;&nbsp;<\/strong>\u201eMT\u00dc Seto K\u00e4sit\u00fc\u00fc Kogo loomine ja esimesed 5 aastat\u201c<br>Sigre Andreson, p\u00e4randtehnoloogia spetsialist ja \u00f5petaja<\/p>\n\n\n\n<p class=\"wp-block-paragraph\"><strong>17.05\u201317.25&nbsp; &nbsp;&nbsp;<\/strong>\u201eMT\u00dc Seto K\u00e4sit\u00fc\u00fc Kogo \u2013 20 aastat koosloomise r\u00f5\u00f5mu\u201c<br>Ingrit Kala, MT\u00dc Seto K\u00e4sit\u00fc\u00fc Kogo tegevjuht<\/p>\n\n\n\n<p class=\"wp-block-paragraph\"><strong>17.30\u201317.40&nbsp;<\/strong> &nbsp;&nbsp;\u201eMinu lugu\u201c<br>Gerd Palok, Setomaa noor k\u00e4sit\u00f6\u00f6meister ja pillimees<\/p>\n\n\n\n<p class=\"wp-block-paragraph\"><strong>17.45\u201318.30<\/strong>&nbsp; &nbsp;&nbsp;Arutelupaneel noorte osalusel \u201eKuidas hoida k\u00e4sit\u00f6\u00f6 elus t\u00e4nap\u00e4eva maailmas?\u201c<\/p>\n\n\n\n<p class=\"wp-block-paragraph\"><strong>18.30 \u2013 00.00&nbsp; &nbsp;<\/strong>Ilo\u00f5tak<br>Leelo, tants ning s\u00f6\u00f6k ja jook<\/p>\n\n\n\n<figure class=\"wp-block-image size-large\"><a href=\"https:\/\/kogo.seto.ee\/wp-content\/uploads\/2026\/09\/event_KONVERENTS-01-1-scaled.jpg\"><img loading=\"lazy\" decoding=\"async\" width=\"1024\" height=\"536\" src=\"https:\/\/kogo.seto.ee\/wp-content\/uploads\/2026\/09\/event_KONVERENTS-01-1-1024x536.jpg\" alt=\"\" class=\"wp-image-3314\" srcset=\"https:\/\/kogo.seto.ee\/wp-content\/uploads\/2026\/09\/event_KONVERENTS-01-1-1024x536.jpg 1024w, https:\/\/kogo.seto.ee\/wp-content\/uploads\/2026\/09\/event_KONVERENTS-01-1-300x157.jpg 300w, https:\/\/kogo.seto.ee\/wp-content\/uploads\/2026\/09\/event_KONVERENTS-01-1-766x401.jpg 766w, https:\/\/kogo.seto.ee\/wp-content\/uploads\/2026\/09\/event_KONVERENTS-01-1-1536x804.jpg 1536w, https:\/\/kogo.seto.ee\/wp-content\/uploads\/2026\/09\/event_KONVERENTS-01-1-2048x1072.jpg 2048w\" sizes=\"auto, (max-width: 1024px) 100vw, 1024px\" \/><\/a><\/figure>\n","protected":false},"excerpt":{"rendered":"<p>MT\u00dc Seto K\u00e4sit\u00fc\u00fc Kogo t\u00e4histab oma 20. tegutsemisaastat konverentsi ja k\u00e4sit\u00f6\u00f6n\u00e4itusega \u201eEluj\u00f5uline seto k\u00e4sit\u00f6\u00f6\u201c. \u00dcritus toimub 10. oktoobril V\u00e4rska kultuurimajas ning ootab \u00fcle Eesti ja Setomaalt osalema kultuurihuvilisi, k\u00e4sit\u00f6\u00f6lisi ja noori, et \u00fchiselt v\u00e4\u00e4rtustada seto k\u00e4sit\u00f6\u00f6 traditsioone. Konverentsil k\u00e4sitletakse k\u00e4sit\u00f6\u00f6 rolli kogukonnas, traditsioonide hoidmist ning seto k\u00e4sit\u00f6\u00f6 tulevikuv\u00f5imalusi. Registreerimislink: https:\/\/forms.gle\/SJUAqL4H7iMgqJuh8 Konverentsil osalemiseks palume tasuda toiduraha&#8230;<\/p>\n","protected":false},"author":4,"featured_media":3313,"comment_status":"closed","ping_status":"closed","sticky":false,"template":"","format":"standard","meta":{"ngg_post_thumbnail":0,"_kad_post_transparent":"","_kad_post_title":"","_kad_post_layout":"","_kad_post_sidebar_id":"","_kad_post_content_style":"","_kad_post_vertical_padding":"","_kad_post_feature":"","_kad_post_feature_position":"","_kad_post_header":false,"_kad_post_footer":false,"_kad_post_classname":"","footnotes":""},"categories":[1],"tags":[],"class_list":["post-3307","post","type-post","status-publish","format-standard","has-post-thumbnail","hentry","category-muu"],"_links":{"self":[{"href":"https:\/\/kogo.seto.ee\/index.php?rest_route=\/wp\/v2\/posts\/3307","targetHints":{"allow":["GET"]}}],"collection":[{"href":"https:\/\/kogo.seto.ee\/index.php?rest_route=\/wp\/v2\/posts"}],"about":[{"href":"https:\/\/kogo.seto.ee\/index.php?rest_route=\/wp\/v2\/types\/post"}],"author":[{"embeddable":true,"href":"https:\/\/kogo.seto.ee\/index.php?rest_route=\/wp\/v2\/users\/4"}],"replies":[{"embeddable":true,"href":"https:\/\/kogo.seto.ee\/index.php?rest_route=%2Fwp%2Fv2%2Fcomments&post=3307"}],"version-history":[{"count":4,"href":"https:\/\/kogo.seto.ee\/index.php?rest_route=\/wp\/v2\/posts\/3307\/revisions"}],"predecessor-version":[{"id":3315,"href":"https:\/\/kogo.seto.ee\/index.php?rest_route=\/wp\/v2\/posts\/3307\/revisions\/3315"}],"wp:featuredmedia":[{"embeddable":true,"href":"https:\/\/kogo.seto.ee\/index.php?rest_route=\/wp\/v2\/media\/3313"}],"wp:attachment":[{"href":"https:\/\/kogo.seto.ee\/index.php?rest_route=%2Fwp%2Fv2%2Fmedia&parent=3307"}],"wp:term":[{"taxonomy":"category","embeddable":true,"href":"https:\/\/kogo.seto.ee\/index.php?rest_route=%2Fwp%2Fv2%2Fcategories&post=3307"},{"taxonomy":"post_tag","embeddable":true,"href":"https:\/\/kogo.seto.ee\/index.php?rest_route=%2Fwp%2Fv2%2Ftags&post=3307"}],"curies":[{"name":"wp","href":"https:\/\/api.w.org\/{rel}","templated":true}]}}